{"id":1054,"date":"2018-11-05T17:30:14","date_gmt":"2018-11-05T16:30:14","guid":{"rendered":"https:\/\/ordesasobrarbe.com\/?p=1054"},"modified":"2018-11-13T12:28:17","modified_gmt":"2018-11-13T12:28:17","slug":"esqui-nordico-esqui-de-fondo","status":"publish","type":"post","link":"https:\/\/ordesasobrarbe.com\/fr\/esqui-nordico-esqui-de-fondo\/","title":{"rendered":"Ski Nordique &#8211; Ski de fond"},"content":{"rendered":"<ol>\n<li><u>Circuit de <\/u><u>ski <\/u><u>de fond de Pineta: <\/u><\/li>\n<\/ol>\n<p>&nbsp;<\/p>\n<p><strong>Ce circuit ne repr\u00e9sente aucune difficult\u00e9 particuli\u00e8re et peut se faire en famille. Cependant, il conviendra de tenir compte de la dur\u00e9e s\u2019il se r\u00e9alise avec des petits, afin de ne pas les d\u00e9motiver et de passer une journ\u00e9e agr\u00e9able pour tous.<\/strong><\/p>\n<p>&nbsp;<\/p>\n<p>La Vall\u00e9e de Pineta, sans doute l\u2019une des plus belles des Pyr\u00e9n\u00e9es aragonaises, est le lieu id\u00e9al pour s\u2019initier au ski nordique. L\u2019itin\u00e9raire ne pr\u00e9sente pas de d\u00e9nivel\u00e9 et ressemble davantage \u00e0 une longue promenade en ski, \u00e0 la d\u00e9couverte de la vall\u00e9e.<\/p>\n<p>Les pistes sont balis\u00e9es et l\u2019acc\u00e8s est libre (hiver 2016-17). Il est possible de louer le mat\u00e9riel n\u00e9cessaire \u00e0 la station service de Parz\u00e1n (sachant que Parz\u00e1n se situe \u00e0 4 km au nord de Bielsa, donc en venant de France, avant d\u2019arriver \u00e0 la vall\u00e9e).<\/p>\n<p>L\u2019Espace Nordique de Pineta se situe aux environs du Parador National du Mont Perdu, \u00e0 10 km de Bielsa. Le circuit balis\u00e9 peut atteindre jusqu\u2019\u00e0 11 km, lorsque les conditions d\u2019enneigement sont optimales.<\/p>\n<p>&nbsp;<\/p>\n<p>&nbsp;<\/p>\n","protected":false},"excerpt":{"rendered":"<p>Circuit de ski de fond de Pineta: &nbsp; Ce circuit ne repr\u00e9sente aucune difficult\u00e9 particuli\u00e8re et peut se faire en famille. Cependant, il conviendra de tenir compte de la dur\u00e9e s\u2019il se r\u00e9alise avec des petits, afin de ne pas les d\u00e9motiver et de passer une journ\u00e9e agr\u00e9able pour tous. &nbsp; La Vall\u00e9e de Pineta, [&hellip;]<\/p>\n","protected":false},"author":1,"featured_media":784,"comment_status":"open","ping_status":"open","sticky":false,"template":"","format":"standard","meta":{"_et_pb_use_builder":"o","_et_pb_old_content":"","_et_gb_content_width":"","footnotes":""},"categories":[41],"tags":[446],"class_list":["post-1054","post","type-post","status-publish","format-standard","has-post-thumbnail","hentry","category-actividades","tag-esqui-fr"],"publishpress_future_workflow_manual_trigger":{"enabledWorkflows":[]},"_links":{"self":[{"href":"https:\/\/ordesasobrarbe.com\/fr\/wp-json\/wp\/v2\/posts\/1054","targetHints":{"allow":["GET"]}}],"collection":[{"href":"https:\/\/ordesasobrarbe.com\/fr\/wp-json\/wp\/v2\/posts"}],"about":[{"href":"https:\/\/ordesasobrarbe.com\/fr\/wp-json\/wp\/v2\/types\/post"}],"author":[{"embeddable":true,"href":"https:\/\/ordesasobrarbe.com\/fr\/wp-json\/wp\/v2\/users\/1"}],"replies":[{"embeddable":true,"href":"https:\/\/ordesasobrarbe.com\/fr\/wp-json\/wp\/v2\/comments?post=1054"}],"version-history":[{"count":0,"href":"https:\/\/ordesasobrarbe.com\/fr\/wp-json\/wp\/v2\/posts\/1054\/revisions"}],"wp:featuredmedia":[{"embeddable":true,"href":"https:\/\/ordesasobrarbe.com\/fr\/wp-json\/wp\/v2\/media\/784"}],"wp:attachment":[{"href":"https:\/\/ordesasobrarbe.com\/fr\/wp-json\/wp\/v2\/media?parent=1054"}],"wp:term":[{"taxonomy":"category","embeddable":true,"href":"https:\/\/ordesasobrarbe.com\/fr\/wp-json\/wp\/v2\/categories?post=1054"},{"taxonomy":"post_tag","embeddable":true,"href":"https:\/\/ordesasobrarbe.com\/fr\/wp-json\/wp\/v2\/tags?post=1054"}],"curies":[{"name":"wp","href":"https:\/\/api.w.org\/{rel}","templated":true}]}}